{"id":38905,"__str__":"Projeto de Resolu\u00e7\u00e3o n\u00ba 9 de 2023 | Inclu\u00eddo na Pauta | 14/08/2023","link_detail_backend":"/materia/tramitacao/38905","metadata":{},"timestamp":"2025-05-22T13:11:53.793715-03:00","data_tramitacao":"2023-08-14","data_encaminhamento":null,"urgente":false,"turno":"","texto":"Inclu\u00eddo na pauta da 23\u00aa Sess\u00e3o Ordin\u00e1ria (Regime de Urg\u00eancia Especial) - Vota\u00e7\u00e3o \u00danica - Aprovado p","data_fim_prazo":null,"ip":"","ultima_edicao":null,"status":60,"materia":1846,"unidade_tramitacao_local":3,"unidade_tramitacao_destino":2,"user":null}