{"id":37253,"__str__":"Projeto de Lei n\u00ba 71 de 2022 | Inclu\u00eddo na Pauta | 05/09/2022","link_detail_backend":"/materia/tramitacao/37253","metadata":{},"timestamp":"2025-05-22T13:06:21.904388-03:00","data_tramitacao":"2022-09-05","data_encaminhamento":null,"urgente":false,"turno":"","texto":"Inclu\u00eddo na pauta da 27\u00aa Sess\u00e3o Ordin\u00e1ria (Regime de Urg\u00eancia Especial) - Vota\u00e7\u00e3o \u00danica - Aprovado p","data_fim_prazo":null,"ip":"","ultima_edicao":null,"status":60,"materia":1148,"unidade_tramitacao_local":3,"unidade_tramitacao_destino":2,"user":null}