{"id":9738,"__str__":"Requerimento n\u00ba 161 de 2015","link_detail_backend":"/materia/9738","metadata":{},"numero":161,"ano":2015,"numero_protocolo":null,"data_apresentacao":"2015-03-30","tipo_apresentacao":"","data_publicacao":null,"numero_origem_externa":"","ano_origem_externa":null,"data_origem_externa":null,"apelido":"","dias_prazo":null,"data_fim_prazo":null,"em_tramitacao":false,"polemica":false,"objeto":"","complementar":false,"ementa":"Requeremos ao Sr. Prefeito, de acordo com o Regimento Interno dessa egr\u00e9gia Casa de Leis, ouvido o douto plen\u00e1rio, que nos informe se h\u00e1 previs\u00e3o para o atendimento da Indica\u00e7\u00e3o n.\u00ba 689/13 atrav\u00e9s da qual solicitamos melhorias no Centro Comunit\u00e1rio localizado na \u00e1rea de Lazer Marco Dracena, no Jardim Jussara, como: a instala\u00e7\u00e3o de forro de PVC, de ventiladores, e a substitui\u00e7\u00e3o de ma\u00e7anetas danificadas.","indexacao":"","observacao":"","resultado":"","texto_original":"http://sapl.dracena.sp.leg.br/media/sapl/public/materialegislativa/2015/9738/r0016115.pdf","data_ultima_atualizacao":"2025-04-30T15:06:56.757897-03:00","ip":"187.17.201.176","ultima_edicao":"2025-04-30T15:06:56.640633-03:00","tipo":19,"regime_tramitacao":5,"tipo_origem_externa":null,"local_origem_externa":null,"user":2,"anexadas":[],"autores":[392,391]}