{"id":9708,"__str__":"Requerimento n\u00ba 138 de 2015","link_detail_backend":"/materia/9708","metadata":{},"numero":138,"ano":2015,"numero_protocolo":null,"data_apresentacao":"2015-03-23","tipo_apresentacao":"","data_publicacao":null,"numero_origem_externa":"","ano_origem_externa":null,"data_origem_externa":null,"apelido":"","dias_prazo":null,"data_fim_prazo":null,"em_tramitacao":false,"polemica":false,"objeto":"","complementar":false,"ementa":"Requeremos, de acordo com o Regimento Interno dessa egr\u00e9gia Casa de Leis, ouvido o douto plen\u00e1rio, o registro em ata dos trabalhos desta Sess\u00e3o de VOTOS DE CONGRATULA\u00c7\u00d5ES \u00e0 Equipe dracenense de Karat\u00ea, que participou da fase classificat\u00f3ria no \u00faltimo domingo, dia 17 de mar\u00e7o, na cidade de Presidente Prudente e conquistou 19 medalhas. Medalhas de Ouro: Andressa Souza(02), Giovana Pereira, Yuri Verzegnossi, Diogo Rodrigues e Caio Seiji Fukushima. Medalhas de Prata: Kazuia(02), Matheus Rugai(02), Willian Yudi Fukushima(02) e Mateus Hiroshi. Medalhas de Bronze: Mateus Hiroshi, Luis Fabricio(02), Caio Seiji, Diogo Rodrigues e Giovana Pereira. As Congratula\u00e7\u00f5es s\u00e3o extensivas ao Prefeito Jos\u00e9 Antonio Pedretti e ao Secret\u00e1rio Municipal de Esportes, Jos\u00e9 Carlos Barbosa pelo apoio.","indexacao":"","observacao":"","resultado":"","texto_original":"http://sapl.dracena.sp.leg.br/media/sapl/public/materialegislativa/2015/9708/r0013815.pdf","data_ultima_atualizacao":"2025-04-30T15:06:10.924565-03:00","ip":"187.17.201.176","ultima_edicao":"2025-04-30T15:06:10.816537-03:00","tipo":19,"regime_tramitacao":5,"tipo_origem_externa":null,"local_origem_externa":null,"user":2,"anexadas":[],"autores":[353,217]}