{"id":9665,"__str__":"Requerimento n\u00ba 110 de 2015","link_detail_backend":"/materia/9665","metadata":{},"numero":110,"ano":2015,"numero_protocolo":null,"data_apresentacao":"2015-03-09","tipo_apresentacao":"","data_publicacao":null,"numero_origem_externa":"","ano_origem_externa":null,"data_origem_externa":null,"apelido":"","dias_prazo":null,"data_fim_prazo":null,"em_tramitacao":false,"polemica":false,"objeto":"","complementar":false,"ementa":"Requeiro ao Sr. Prefeito, de acordo com o Regimento Interno dessa egr\u00e9gia Casa de Leis, ouvido o douto plen\u00e1rio, que informe a esse Vereador se existe algum funcion\u00e1rio da Prefeitura e/ou da Associa\u00e7\u00e3o de Reciclagem que fica de posse de ve\u00edculo da Associa\u00e7\u00e3o, vinte e quatro horas por dia? Em caso afirmativo enviar o nome e endere\u00e7o desses funcion\u00e1rios.","indexacao":"","observacao":"","resultado":"","texto_original":"http://sapl.dracena.sp.leg.br/media/sapl/public/materialegislativa/2015/9665/r0011015.pdf","data_ultima_atualizacao":"2025-04-30T15:04:57.713807-03:00","ip":"187.17.201.176","ultima_edicao":"2025-04-30T15:04:57.602853-03:00","tipo":19,"regime_tramitacao":5,"tipo_origem_externa":null,"local_origem_externa":null,"user":2,"anexadas":[],"autores":[215]}