{"id":8051,"__str__":"Requerimento n\u00ba 499 de 2013","link_detail_backend":"/materia/8051","metadata":{},"numero":499,"ano":2013,"numero_protocolo":null,"data_apresentacao":"2013-10-28","tipo_apresentacao":"","data_publicacao":null,"numero_origem_externa":"","ano_origem_externa":null,"data_origem_externa":null,"apelido":"","dias_prazo":null,"data_fim_prazo":null,"em_tramitacao":false,"polemica":false,"objeto":"","complementar":false,"ementa":"Requeiro, de acordo com o Regimento Interno dessa Egr\u00e9gia Casa de Leis, ouvido o Douto Plen\u00e1rio, sejam registrados em Ata desta Sess\u00e3o VOTOS DE CONGRATULA\u00c7\u00d5ES \u00e9 Escola de M\u00fasica Heitor Villa-Lobos atrav\u00e9s de sua propriet\u00e1ria, Zuleica Rocha Morilhas, pelas brilhantes apresenta\u00e7\u00f5es musicais dos alunos da escola em evento realizado nos dias 25 e 26 de outubro no Teatro Municipal. As congratula\u00e7\u00f5es s\u00e3o extensivas ao Prefeito Municipal, Sr. Jos\u00e9 Antonio Pedretti, e \u00e9 Secret\u00e1ria de Cultura, Srta. Mayra Sim\u00f5es, que deram apoio \u00e9 realiza\u00e7\u00e3o do evento.","indexacao":"","observacao":"","resultado":"","texto_original":"http://sapl.dracena.sp.leg.br/media/sapl/public/materialegislativa/2013/8051/r0049913.pdf","data_ultima_atualizacao":"2025-04-30T14:23:54.865681-03:00","ip":"187.17.201.176","ultima_edicao":"2025-04-30T14:23:54.756313-03:00","tipo":19,"regime_tramitacao":5,"tipo_origem_externa":null,"local_origem_externa":null,"user":2,"anexadas":[],"autores":[214]}