{"id":7134,"__str__":"Requerimento n\u00ba 74 de 2013","link_detail_backend":"/materia/7134","metadata":{},"numero":74,"ano":2013,"numero_protocolo":null,"data_apresentacao":"2013-03-11","tipo_apresentacao":"","data_publicacao":null,"numero_origem_externa":"","ano_origem_externa":null,"data_origem_externa":null,"apelido":"","dias_prazo":null,"data_fim_prazo":null,"em_tramitacao":false,"polemica":false,"objeto":"","complementar":false,"ementa":"Requeiro de acordo com o Regimento Interno dessa egr\u00e9gia Casa de Leis, ouvido o douto plen\u00e1rio, o registro em Ata dos trabalhos camar\u00e1rios de VOTOS DE CONGRATULA\u00c7\u00d5ES ao Major Silvio C\u00e9sar S. de Almeida Saraiva, pela cerim\u00f4nia em comemora\u00e7\u00e3o aos 34 (tinta e quatro) anos de instala\u00e7\u00e3o do 25\u00ba Batalh\u00e3o da Policia Militar de Dracena, realizada em 08 de mar\u00e7o. As congratula\u00e7\u00f5es s\u00e3o extensivas a todos os respons\u00e1veis pelo organiza\u00e7\u00e3o do evento.","indexacao":"","observacao":"","resultado":"","texto_original":"http://sapl.dracena.sp.leg.br/media/sapl/public/materialegislativa/2013/7134/r0007413.pdf","data_ultima_atualizacao":"2025-04-30T14:00:21.039991-03:00","ip":"187.17.201.176","ultima_edicao":"2025-04-30T14:00:20.906707-03:00","tipo":19,"regime_tramitacao":5,"tipo_origem_externa":null,"local_origem_externa":null,"user":2,"anexadas":[],"autores":[214]}