{"id":712,"__str__":"Projeto de Lei Complementar n\u00ba 6 de 2019","link_detail_backend":"/materia/712","metadata":{},"numero":6,"ano":2019,"numero_protocolo":null,"data_apresentacao":"2019-05-30","tipo_apresentacao":"","data_publicacao":null,"numero_origem_externa":"","ano_origem_externa":null,"data_origem_externa":null,"apelido":"","dias_prazo":null,"data_fim_prazo":null,"em_tramitacao":false,"polemica":false,"objeto":"","complementar":false,"ementa":"Disp\u00f5e sobre altera\u00e7\u00e3o do inciso VIII, par\u00e1grafo \u00fanico, do artigo 18; altera\u00e7\u00e3o dos incisos II e III da Lei Complementar 455/2017 e cria\u00e7\u00e3o de cargo conforme especifica (cria\u00e7\u00e3o de cargos de Diretor de Aten\u00e7\u00e3o em Sa\u00fade Mental; Diretor de Administra\u00e7\u00e3o em Sa\u00fade; e, Diretor de Planejamento em Sa\u00fade)","indexacao":"","observacao":"","resultado":"","texto_original":"http://sapl.dracena.sp.leg.br/media/sapl/public/materialegislativa/2019/712/plc_006_2019_-_01.pdf","data_ultima_atualizacao":"2025-03-07T15:13:29.499891-03:00","ip":"187.17.201.176","ultima_edicao":"2025-03-07T15:13:29.251870-03:00","tipo":6,"regime_tramitacao":5,"tipo_origem_externa":null,"local_origem_externa":null,"user":2,"anexadas":[],"autores":[414]}