{"id":7044,"__str__":"Requerimento n\u00ba 32 de 2013","link_detail_backend":"/materia/7044","metadata":{},"numero":32,"ano":2013,"numero_protocolo":null,"data_apresentacao":"2013-03-13","tipo_apresentacao":"","data_publicacao":null,"numero_origem_externa":"","ano_origem_externa":null,"data_origem_externa":null,"apelido":"","dias_prazo":null,"data_fim_prazo":null,"em_tramitacao":false,"polemica":false,"objeto":"","complementar":false,"ementa":"REQUEREMOS de acordo com o regimento interno dessa egr\u00e9gia casa de Leis, ouvido o douto plen\u00e1rio, REGIME DE URG\u00caNCIA ao Projeto de Lei n.\u00ba 009/13, de 07/02/2013, de autoria do Poder Executivo, que disp\u00f5e sobre autoriza\u00e7\u00e3o ao Poder Executivo de ceder mediante autoriza\u00e7\u00e3o de uso, o uso de im\u00f3vel p\u00fablico municipal e d\u00e1 outras provid\u00eancias. (Associa\u00e7\u00e3o dos Produtores Rurais de Dracena - APRD)","indexacao":"","observacao":"","resultado":"","texto_original":"http://sapl.dracena.sp.leg.br/media/sapl/public/materialegislativa/2013/7044/r0003213.pdf","data_ultima_atualizacao":"2025-04-30T13:57:54.828965-03:00","ip":"187.17.201.176","ultima_edicao":"2025-04-30T13:57:54.711331-03:00","tipo":19,"regime_tramitacao":5,"tipo_origem_externa":null,"local_origem_externa":null,"user":2,"anexadas":[],"autores":[353,408,392,409,209,389,399,214,391,322,215,216,217]}