{"id":619,"__str__":"Projeto de Lei Complementar n\u00ba 6 de 2018","link_detail_backend":"/materia/619","metadata":{},"numero":6,"ano":2018,"numero_protocolo":null,"data_apresentacao":"2018-05-03","tipo_apresentacao":"","data_publicacao":null,"numero_origem_externa":"","ano_origem_externa":null,"data_origem_externa":null,"apelido":"","dias_prazo":null,"data_fim_prazo":null,"em_tramitacao":false,"polemica":false,"objeto":"","complementar":false,"ementa":"Disp\u00f5e sobre modifica\u00e7\u00f5es na Lei Complementar n\u00ba 291, de 04 de junho de 2008 e suas altera\u00e7\u00f5es, que regulamenta o Plano Diretor do Munic\u00edpio de Dracena e d\u00e1 outras provid\u00eancias.","indexacao":"","observacao":"","resultado":"","texto_original":"http://sapl.dracena.sp.leg.br/media/sapl/public/materialegislativa/2018/619/plc_006_2018_-_01.pdf","data_ultima_atualizacao":"2025-03-07T15:10:34.209091-03:00","ip":"187.17.201.176","ultima_edicao":"2025-03-07T15:10:33.874138-03:00","tipo":6,"regime_tramitacao":5,"tipo_origem_externa":null,"local_origem_externa":null,"user":2,"anexadas":[],"autores":[414]}