{"id":538,"__str__":"Projeto de Lei n\u00ba 33 de 2016","link_detail_backend":"/materia/538","metadata":{},"numero":33,"ano":2016,"numero_protocolo":null,"data_apresentacao":"2016-06-16","tipo_apresentacao":"","data_publicacao":null,"numero_origem_externa":"","ano_origem_externa":null,"data_origem_externa":null,"apelido":"","dias_prazo":null,"data_fim_prazo":null,"em_tramitacao":false,"polemica":false,"objeto":"","complementar":false,"ementa":"Disp\u00f5esobredenomina\u00e7\u00e3o da Estrada Municipal \"\"DRA 254\"\" que especifica e d\u00e1 outras provid\u00eancias.\r\n(A Estrada Municipal \"\"DRA 254\"\", localizada no Bairro das Marrequinhas,passa a ser denominada de Estrada Municipal \"\"DRA Jos\u00e9 Prates de Abreu\u201d)","indexacao":"","observacao":"","resultado":"","texto_original":"http://sapl.dracena.sp.leg.br/media/sapl/public/materialegislativa/2016/538/pl_033_2016_-_01.pdf","data_ultima_atualizacao":"2025-03-07T15:07:58.322914-03:00","ip":"187.17.201.176","ultima_edicao":"2025-03-07T15:07:58.099121-03:00","tipo":1,"regime_tramitacao":5,"tipo_origem_externa":null,"local_origem_externa":null,"user":2,"anexadas":[],"autores":[322,215]}