{"id":26569,"__str__":"Indica\u00e7\u00e3o n\u00ba 282 de 2026","link_detail_backend":"/materia/26569","metadata":{},"numero":282,"ano":2026,"numero_protocolo":null,"data_apresentacao":"2026-04-13","tipo_apresentacao":"","data_publicacao":null,"numero_origem_externa":"","ano_origem_externa":null,"data_origem_externa":null,"apelido":"","dias_prazo":null,"data_fim_prazo":null,"em_tramitacao":false,"polemica":false,"objeto":"","complementar":false,"ementa":"Indico \u00e0 Senhora Prefeita, de acordo com o Regimento Interno desta egr\u00e9gia Casa de Leis, seja providenciada, junto ao setor competente, a adapta\u00e7\u00e3o do ambiente f\u00edsico do espa\u00e7o de atendimento destinado \u00e0s crian\u00e7as autistas e at\u00edpicas no Posto de Sa\u00fade Takashi Enokibara, de modo a torn\u00e1-lo adequado, acess\u00edvel e acolhedor \u00e0s suas necessidades espec\u00edficas.","indexacao":"","observacao":"","resultado":"","texto_original":"http://sapl.dracena.sp.leg.br/media/sapl/public/materialegislativa/2026/26569/ind_282_26.pdf","data_ultima_atualizacao":"2026-04-13T21:08:13.820464-03:00","ip":"187.17.201.176","ultima_edicao":"2026-04-11T18:22:54.572303-03:00","tipo":18,"regime_tramitacao":5,"tipo_origem_externa":null,"local_origem_externa":null,"user":4,"anexadas":[],"autores":[209]}