{"id":26532,"__str__":"Indica\u00e7\u00e3o n\u00ba 265 de 2026","link_detail_backend":"/materia/26532","metadata":{},"numero":265,"ano":2026,"numero_protocolo":null,"data_apresentacao":"2026-04-06","tipo_apresentacao":"","data_publicacao":null,"numero_origem_externa":"","ano_origem_externa":null,"data_origem_externa":null,"apelido":"","dias_prazo":null,"data_fim_prazo":null,"em_tramitacao":false,"polemica":false,"objeto":"","complementar":false,"ementa":"Indicamos \u00e0 Senhora Prefeita, de acordo com o Regimento Interno desta egr\u00e9gia Casa de Leis, que providencie, juntamente ao setor competente, uma destina\u00e7\u00e3o melhor para a \u00e1rea p\u00fablica localizada ao lado da Escola Ot\u00edlia, que seja o espa\u00e7o seja transformado em uma pra\u00e7a ou parquinho, oferecendo um ambiente adequado para lazer, conviv\u00eancia e atividades recreativas da popula\u00e7\u00e3o, especialmente para crian\u00e7as e fam\u00edlias da regi\u00e3o","indexacao":"","observacao":"","resultado":"","texto_original":"http://sapl.dracena.sp.leg.br/media/sapl/public/materialegislativa/2026/26532/ind_265_26.pdf","data_ultima_atualizacao":"2026-04-13T21:08:11.276574-03:00","ip":"187.17.201.176","ultima_edicao":"2026-04-02T10:51:01.007520-03:00","tipo":18,"regime_tramitacao":5,"tipo_origem_externa":null,"local_origem_externa":null,"user":4,"anexadas":[],"autores":[208,212]}