{"id":26492,"__str__":"Requerimento n\u00ba 310 de 2026","link_detail_backend":"/materia/26492","metadata":{},"numero":310,"ano":2026,"numero_protocolo":null,"data_apresentacao":"2026-03-30","tipo_apresentacao":"","data_publicacao":null,"numero_origem_externa":"","ano_origem_externa":null,"data_origem_externa":null,"apelido":"","dias_prazo":null,"data_fim_prazo":null,"em_tramitacao":false,"polemica":false,"objeto":"","complementar":false,"ementa":"Requeiro a Sra. Prefeita, de acordo com o Regimento Interno desta egr\u00e9gia Casa de Leis, ouvido o douto plen\u00e1rio,  que nos informe, no prazo regimental vigente: \r\n\r\n1-\tQuanto ao transporte, em momento anterior foi divulgado atrav\u00e9s das redes sociais da prefeitura, que o CCI havia ganhado um \u00f4nibus, por\u00e9m o mesmo foi designado para outra secretaria, o que est\u00e1 gerando dificuldade no transporte dos idosos para as atividades, que esta ocorrendo em forma de escala. O que a municipalidade tem a fazer para corrigir este problema e garantir mais tempo para os idosos participarem das atividades?\r\n2-\tCom rela\u00e7\u00e3o \u00e0s atividades, os idosos solicitam maior diversidade, e frequ\u00eancia. \r\n3-\tSigilo ap\u00f3s idosos procurarem os vereadores ou a dire\u00e7\u00e3o. Pois em alguns casos esta ocorrendo um tipo de persegui\u00e7\u00e3o e discrimina\u00e7\u00e3o dos denunciantes.","indexacao":"","observacao":"","resultado":"","texto_original":"http://sapl.dracena.sp.leg.br/media/sapl/public/materialegislativa/2026/26492/r_310_26.pdf","data_ultima_atualizacao":"2026-03-30T21:29:13.902239-03:00","ip":"187.17.201.176","ultima_edicao":"2026-03-30T09:33:02.146610-03:00","tipo":19,"regime_tramitacao":5,"tipo_origem_externa":null,"local_origem_externa":null,"user":4,"anexadas":[],"autores":[208,430,212]}