{"id":26455,"__str__":"Requerimento n\u00ba 295 de 2026","link_detail_backend":"/materia/26455","metadata":{},"numero":295,"ano":2026,"numero_protocolo":null,"data_apresentacao":"2026-03-23","tipo_apresentacao":"","data_publicacao":null,"numero_origem_externa":"","ano_origem_externa":null,"data_origem_externa":null,"apelido":"","dias_prazo":null,"data_fim_prazo":null,"em_tramitacao":false,"polemica":false,"objeto":"","complementar":false,"ementa":"Requeiro a Sra. Prefeita, de acordo com o Regimento Interno desta egr\u00e9gia Casa de Leis, ouvido o douto plen\u00e1rio, que nos informe, no prazo regimental vigente, o seguinte: \r\n1.Qual o motivo pelo qual a rela\u00e7\u00e3o de todos os motoristas que t\u00eam direito \u00e0 Gratifica\u00e7\u00e3o por Tempo Integral e Dedica\u00e7\u00e3o Exclusiva (GTIDE) ainda n\u00e3o foi elaborada e divulgada?\r\n2.Considerando que o Projeto de Lei Complementar n\u00ba 25/2025, que institui a GTIDE, foi aprovado em segunda discuss\u00e3o na C\u00e2mara Municipal em 13 de outubro de 2025, e que j\u00e1 estamos em mar\u00e7o de 2026, solicitamos esclarecimentos sobre o cronograma para a efetiva\u00e7\u00e3o deste benef\u00edcio aos servidores.","indexacao":"","observacao":"","resultado":"","texto_original":"http://sapl.dracena.sp.leg.br/media/sapl/public/materialegislativa/2026/26455/r_295_26.pdf","data_ultima_atualizacao":"2026-03-30T21:29:11.875876-03:00","ip":"187.17.201.176","ultima_edicao":"2026-03-22T17:57:51.934590-03:00","tipo":19,"regime_tramitacao":5,"tipo_origem_externa":null,"local_origem_externa":null,"user":4,"anexadas":[],"autores":[430]}