{"id":26067,"__str__":"Requerimento n\u00ba 171 de 2026","link_detail_backend":"/materia/26067","metadata":{},"numero":171,"ano":2026,"numero_protocolo":null,"data_apresentacao":"2026-02-20","tipo_apresentacao":"E","data_publicacao":null,"numero_origem_externa":"","ano_origem_externa":null,"data_origem_externa":null,"apelido":"","dias_prazo":null,"data_fim_prazo":null,"em_tramitacao":false,"polemica":false,"objeto":"","complementar":false,"ementa":"Requeiro a Sra. Prefeita, de acordo com o Regimento Interno desta egr\u00e9gia Casa de Leis, ouvido o douto plen\u00e1rio, que sejam encaminhadas as seguintes informa\u00e7\u00f5es e documentos referentes \u00e0 reforma da Escola Waldomiro Machado:\r\n1.\tC\u00f3pia do processo licitat\u00f3rio realizado para a execu\u00e7\u00e3o da obra;\r\n2.\tC\u00f3pia do contrato firmado com a empresa vencedora do certame;\r\n3.\tC\u00f3pia do respectivo projeto;\r\n4.\tC\u00f3pia da Anota\u00e7\u00e3o de Responsabilidade T\u00e9cnica (ART) referente ao projeto para execu\u00e7\u00e3o da obra;\r\n5.\tC\u00f3pia das medi\u00e7\u00f5es realizadas e dos respectivos comprovantes de pagamento;\r\n6.\tInforma\u00e7\u00e3o acerca da origem dos recursos utilizados para a reforma, especificando se provenientes de conv\u00eanio ou de recursos pr\u00f3prios do Munic\u00edpio;\r\n7.\tInforma\u00e7\u00e3o sobre o valor final da obra.","indexacao":"","observacao":"","resultado":"","texto_original":"http://sapl.dracena.sp.leg.br/media/sapl/public/materialegislativa/2026/26067/r_171_26.pdf","data_ultima_atualizacao":"2026-02-26T08:24:17.919437-03:00","ip":"187.17.201.176","ultima_edicao":"2026-02-20T13:25:59.764038-03:00","tipo":19,"regime_tramitacao":5,"tipo_origem_externa":null,"local_origem_externa":null,"user":6,"anexadas":[],"autores":[214]}