{"id":26038,"__str__":"Indica\u00e7\u00e3o n\u00ba 107 de 2026","link_detail_backend":"/materia/26038","metadata":{},"numero":107,"ano":2026,"numero_protocolo":null,"data_apresentacao":"2026-02-20","tipo_apresentacao":"E","data_publicacao":null,"numero_origem_externa":"","ano_origem_externa":null,"data_origem_externa":null,"apelido":"","dias_prazo":null,"data_fim_prazo":null,"em_tramitacao":false,"polemica":false,"objeto":"","complementar":false,"ementa":"Indico a Sra. Prefeita, de acordo com o Regimento Interno dessa egr\u00e9gia Casa de Leis, que providencie junto ao setor competente, o recapeamento asf\u00e1ltico da Alameda It\u00e1lia, trecho compreendido entre a Alameda Alemanha e a Alameda Espanha no Jardim Europa.\r\nA via em quest\u00e3o apresenta danifica\u00e7\u00f5es como buracos, irregularidades e desgaste do pavimento, o que tem causado transtornos aos moradores, motoristas e pedestres, al\u00e9m de oferecer riscos \u00e0 seguran\u00e7a e prejudicar o tr\u00e1fego local.","indexacao":"","observacao":"","resultado":"","texto_original":"http://sapl.dracena.sp.leg.br/media/sapl/public/materialegislativa/2026/26038/ind_107_26.pdf","data_ultima_atualizacao":"2026-02-26T08:32:18.262796-03:00","ip":"187.17.201.176","ultima_edicao":"2026-02-20T13:03:19.137932-03:00","tipo":18,"regime_tramitacao":5,"tipo_origem_externa":null,"local_origem_externa":null,"user":6,"anexadas":[],"autores":[1]}