{"id":25862,"__str__":"Requerimento n\u00ba 59 de 2026","link_detail_backend":"/materia/25862","metadata":{},"numero":59,"ano":2026,"numero_protocolo":null,"data_apresentacao":"2026-01-30","tipo_apresentacao":"E","data_publicacao":null,"numero_origem_externa":"","ano_origem_externa":null,"data_origem_externa":null,"apelido":"","dias_prazo":null,"data_fim_prazo":null,"em_tramitacao":false,"polemica":false,"objeto":"","complementar":false,"ementa":"Requeiro, de acordo com o Regimento Interno desta egr\u00e9gia Casa de Leis, ouvido o douto plen\u00e1rio, o registro em ata dos trabalhos desta Sess\u00e3o de VOTOS DE CONGRATULA\u00c7\u00d5ES ao Padre Wilson Ramos, pela passagem dos 28 anos de sua Ordena\u00e7\u00e3o Sacerdotal, comemorados em Missa realizada na \u00faltima sexta-feira (30), no munic\u00edpio de Ouro Verde.\r\nPadre Wilson Ramos deixou uma trajet\u00f3ria marcante em Dracena, onde exerceu seu minist\u00e9rio com dedica\u00e7\u00e3o, humildade e profundo compromisso com a f\u00e9 crist\u00e3 e com o bem-estar da comunidade. Seu trabalho pastoral foi al\u00e9m das celebra\u00e7\u00f5es religiosas, alcan\u00e7ando a\u00e7\u00f5es sociais, orienta\u00e7\u00e3o espiritual e apoio constante \u00e0s fam\u00edlias, sempre com palavras de esperan\u00e7a, acolhimento e incentivo \u00e0 solidariedade.","indexacao":"","observacao":"","resultado":"","texto_original":"http://sapl.dracena.sp.leg.br/media/sapl/public/materialegislativa/2026/25862/r_059_26.pdf","data_ultima_atualizacao":"2026-02-26T08:24:55.851894-03:00","ip":"187.17.201.176","ultima_edicao":"2026-02-02T09:40:58.765822-03:00","tipo":19,"regime_tramitacao":5,"tipo_origem_externa":null,"local_origem_externa":null,"user":6,"anexadas":[],"autores":[218]}