{"id":25837,"__str__":"Requerimento n\u00ba 37 de 2026","link_detail_backend":"/materia/25837","metadata":{},"numero":37,"ano":2026,"numero_protocolo":null,"data_apresentacao":"2026-01-29","tipo_apresentacao":"E","data_publicacao":null,"numero_origem_externa":"","ano_origem_externa":null,"data_origem_externa":null,"apelido":"","dias_prazo":null,"data_fim_prazo":null,"em_tramitacao":false,"polemica":false,"objeto":"","complementar":false,"ementa":"Requeiro, de acordo com o Regimento Interno desta egr\u00e9gia Casa de Leis, ouvido o douto plen\u00e1rio, o registro em ata dos trabalhos desta Sess\u00e3o de VOTOS DE CONGRATULA\u00c7\u00d5ES \u00e0 Pol\u00edcia Civil do Estado de S\u00e3o Paulo, por meio da Delegacia Seccional de Pol\u00edcia de Dracena, pelo refor\u00e7o do efetivo com a chegada de 12 (doze) novos Escriv\u00e3es de Pol\u00edcia, recentemente formados e incorporados \u00e0s unidades da regi\u00e3o.\r\nOs novos profissionais conclu\u00edram com \u00eaxito o Curso de Forma\u00e7\u00e3o T\u00e9cnico-Profissional de Escriv\u00e3o de Pol\u00edcia, promovido pela Unidade de Ensino e Pesquisa (UEP) do DEINTER-8, em Presidente Prudente, demonstrando preparo t\u00e9cnico, compromisso institucional e dedica\u00e7\u00e3o ao servi\u00e7o p\u00fablico.","indexacao":"","observacao":"","resultado":"","texto_original":"http://sapl.dracena.sp.leg.br/media/sapl/public/materialegislativa/2026/25837/r_037_26.pdf","data_ultima_atualizacao":"2026-02-26T08:25:03.263314-03:00","ip":"187.17.201.176","ultima_edicao":"2026-02-02T09:23:41.061995-03:00","tipo":19,"regime_tramitacao":5,"tipo_origem_externa":null,"local_origem_externa":null,"user":6,"anexadas":[],"autores":[218]}