{"id":25831,"__str__":"Requerimento n\u00ba 31 de 2026","link_detail_backend":"/materia/25831","metadata":{},"numero":31,"ano":2026,"numero_protocolo":null,"data_apresentacao":"2026-01-29","tipo_apresentacao":"E","data_publicacao":null,"numero_origem_externa":"","ano_origem_externa":null,"data_origem_externa":null,"apelido":"","dias_prazo":null,"data_fim_prazo":null,"em_tramitacao":false,"polemica":false,"objeto":"","complementar":false,"ementa":"Requeiro, de acordo com o Regimento Interno desta egr\u00e9gia Casa de Leis, ouvido o douto plen\u00e1rio, o registro em ata dos trabalhos desta Sess\u00e3o de VOTOS DE CONGRATULA\u00c7\u00d5ES ao jornalista Cl\u00e1udio Jos\u00e9 Pasqualeto, pelos 39 anos de relevantes servi\u00e7os prestados \u00e0 comunica\u00e7\u00e3o social, comemorados em 27 de janeiro de 2026, atrav\u00e9s do Vereador Victor Palhares.\r\nCl\u00e1udio Jos\u00e9 Pasqualeto iniciou sua trajet\u00f3ria profissional no r\u00e1dio em 27 de janeiro de 1987, na ent\u00e3o R\u00e1dio Nova Dracena, integrando a equipe ao lado de Jaime Oliveira, Am\u00e9rico Andr\u00e9 e Leda M\u00e1rcia. Desde ent\u00e3o, mant\u00e9m atua\u00e7\u00e3o cont\u00ednua e comprometida com os meios de comunica\u00e7\u00e3o, contribuindo de forma significativa para a informa\u00e7\u00e3o, a cultura e o desenvolvimento da Cidade Milagre.","indexacao":"","observacao":"","resultado":"","texto_original":"http://sapl.dracena.sp.leg.br/media/sapl/public/materialegislativa/2026/25831/r_031_26.pdf","data_ultima_atualizacao":"2026-02-26T08:25:05.339328-03:00","ip":"187.17.201.176","ultima_edicao":"2026-02-02T09:16:10.974332-03:00","tipo":19,"regime_tramitacao":5,"tipo_origem_externa":null,"local_origem_externa":null,"user":6,"anexadas":[],"autores":[218]}