{"id":25817,"__str__":"Indica\u00e7\u00e3o n\u00ba 25 de 2026","link_detail_backend":"/materia/25817","metadata":{},"numero":25,"ano":2026,"numero_protocolo":null,"data_apresentacao":"2026-01-30","tipo_apresentacao":"E","data_publicacao":null,"numero_origem_externa":"","ano_origem_externa":null,"data_origem_externa":null,"apelido":"","dias_prazo":null,"data_fim_prazo":null,"em_tramitacao":false,"polemica":false,"objeto":"","complementar":false,"ementa":"Indico a Sra. Prefeita, de acordo com o Regimento Interno dessa egr\u00e9gia Casa de Leis, a implanta\u00e7\u00e3o do curso de Seguran\u00e7a do Trabalho. \r\nO curso trar\u00e1 grandes benef\u00edcios para a nossa cidade e regi\u00e3o. O quadro docente pode ser composto com os professores t\u00e9cnicos da pr\u00f3pria escola. Tal indica\u00e7\u00e3o vem em conson\u00e2ncia e apoio a indica\u00e7\u00e3o feita em 2025 pelo vereador Amilton Alencar.","indexacao":"","observacao":"","resultado":"","texto_original":"http://sapl.dracena.sp.leg.br/media/sapl/public/materialegislativa/2026/25817/ind_025_26.pdf","data_ultima_atualizacao":"2026-02-26T08:32:45.463824-03:00","ip":"187.17.201.176","ultima_edicao":"2026-02-02T09:08:02.691813-03:00","tipo":18,"regime_tramitacao":5,"tipo_origem_externa":null,"local_origem_externa":null,"user":6,"anexadas":[],"autores":[209]}