{"id":25815,"__str__":"Indica\u00e7\u00e3o n\u00ba 23 de 2026","link_detail_backend":"/materia/25815","metadata":{},"numero":23,"ano":2026,"numero_protocolo":null,"data_apresentacao":"2026-01-30","tipo_apresentacao":"E","data_publicacao":null,"numero_origem_externa":"","ano_origem_externa":null,"data_origem_externa":null,"apelido":"","dias_prazo":null,"data_fim_prazo":null,"em_tramitacao":false,"polemica":false,"objeto":"","complementar":false,"ementa":"Indicamos a Sra. Prefeita, de acordo com o Regimento Interno dessa egr\u00e9gia Casa de Leis, que determine a execu\u00e7\u00e3o de recapeamento asf\u00e1ltico na Rua Euclides da Cunha, no trecho compreendido entre a Avenida Rui Barbosa e a Rua Visconde do Rio Branco.\r\nO presente pedido visa atender \u00e0s reivindica\u00e7\u00f5es dos moradores e usu\u00e1rios da via, devido ao seu elevado n\u00edvel de desgaste estrutural.","indexacao":"","observacao":"","resultado":"","texto_original":"http://sapl.dracena.sp.leg.br/media/sapl/public/materialegislativa/2026/25815/ind_023_26.pdf","data_ultima_atualizacao":"2026-02-26T08:32:46.044265-03:00","ip":"187.17.201.176","ultima_edicao":"2026-02-02T09:06:48.630607-03:00","tipo":18,"regime_tramitacao":5,"tipo_origem_externa":null,"local_origem_externa":null,"user":6,"anexadas":[],"autores":[208,430,209,212]}