{"id":25811,"__str__":"Indica\u00e7\u00e3o n\u00ba 19 de 2026","link_detail_backend":"/materia/25811","metadata":{},"numero":19,"ano":2026,"numero_protocolo":null,"data_apresentacao":"2026-01-30","tipo_apresentacao":"E","data_publicacao":null,"numero_origem_externa":"","ano_origem_externa":null,"data_origem_externa":null,"apelido":"","dias_prazo":null,"data_fim_prazo":null,"em_tramitacao":false,"polemica":false,"objeto":"","complementar":false,"ementa":"Indico a Sra. Prefeita, de acordo com o Regimento Interno dessa egr\u00e9gia Casa de Leis, juntamente com o setor competente, que sejam adotadas provid\u00eancias urgentes para o reparo do pavimento asf\u00e1ltico na Alameda Alemanha, em frente ao estacionamento da Padaria Cheff Caf\u00e9.\r\nConforme relatos de moradores, comerciantes e usu\u00e1rios da via, existe no local um buraco profundo, constantemente com ac\u00famulo de \u00e1gua parada, o que tem gerado in\u00fameras reclama\u00e7\u00f5es e s\u00e9rios transtornos. A situa\u00e7\u00e3o oferece risco \u00e0 seguran\u00e7a de motoristas, motociclistas e pedestres, al\u00e9m de favorecer a prolifera\u00e7\u00e3o de insetos, inclusive do mosquito transmissor da dengue, configurando tamb\u00e9m um problema de sa\u00fade p\u00fablica.","indexacao":"","observacao":"","resultado":"","texto_original":"http://sapl.dracena.sp.leg.br/media/sapl/public/materialegislativa/2026/25811/ind_019_26.pdf","data_ultima_atualizacao":"2026-02-26T08:32:47.467969-03:00","ip":"187.17.201.176","ultima_edicao":"2026-02-02T09:03:09.455272-03:00","tipo":18,"regime_tramitacao":5,"tipo_origem_externa":null,"local_origem_externa":null,"user":6,"anexadas":[],"autores":[1,210,218]}