{"id":25801,"__str__":"Indica\u00e7\u00e3o n\u00ba 9 de 2026","link_detail_backend":"/materia/25801","metadata":{},"numero":9,"ano":2026,"numero_protocolo":null,"data_apresentacao":"2026-01-29","tipo_apresentacao":"E","data_publicacao":null,"numero_origem_externa":"","ano_origem_externa":null,"data_origem_externa":null,"apelido":"","dias_prazo":null,"data_fim_prazo":null,"em_tramitacao":false,"polemica":false,"objeto":"","complementar":false,"ementa":"Indico a Sra. Prefeita, de acordo com o Regimento Interno dessa egr\u00e9gia Casa de Leis, por meio do setor competente, que adote as provid\u00eancias necess\u00e1rias no sentido de diligenciar, de forma imediata e articulada, junto \u00e0s empresas ISA CTEEP, respons\u00e1vel pelas obras de reforma da subesta\u00e7\u00e3o de energia el\u00e9trica, e NEOENERGIA, concession\u00e1ria respons\u00e1vel pela distribui\u00e7\u00e3o de energia, visando esclarecer e solucionar as reiteradas quedas no fornecimento de energia el\u00e9trica registradas no munic\u00edpio de Dracena nos \u00faltimos dias.\r\nRessalta-se que se trata de um problema cr\u00f4nico, que h\u00e1 tempos vem afetando a popula\u00e7\u00e3o, ocasionando in\u00fameros transtornos aos moradores, comerciantes e prestadores de servi\u00e7os. \u00c9 not\u00f3rio que, atualmente, as atividades humanas, profissionais e comerciais dependem cada vez mais do uso da tecnologia, sendo que a maioria dos equipamentos eletr\u00f4nicos n\u00e3o disp\u00f5e de bateria pr\u00f3pria e necessita de fornecimento cont\u00ednuo e est\u00e1vel de energia el\u00e9trica para seu pleno funcionamento.","indexacao":"","observacao":"","resultado":"","texto_original":"http://sapl.dracena.sp.leg.br/media/sapl/public/materialegislativa/2026/25801/ind_009_26.pdf","data_ultima_atualizacao":"2026-02-26T08:32:50.830215-03:00","ip":"187.17.201.176","ultima_edicao":"2026-02-02T08:56:50.278005-03:00","tipo":18,"regime_tramitacao":5,"tipo_origem_externa":null,"local_origem_externa":null,"user":6,"anexadas":[],"autores":[218]}