{"id":25800,"__str__":"Indica\u00e7\u00e3o n\u00ba 8 de 2026","link_detail_backend":"/materia/25800","metadata":{},"numero":8,"ano":2026,"numero_protocolo":null,"data_apresentacao":"2026-01-29","tipo_apresentacao":"E","data_publicacao":null,"numero_origem_externa":"","ano_origem_externa":null,"data_origem_externa":null,"apelido":"","dias_prazo":null,"data_fim_prazo":null,"em_tramitacao":false,"polemica":false,"objeto":"","complementar":false,"ementa":"Indico a Sra. Prefeita, de acordo com o Regimento Interno dessa egr\u00e9gia Casa de Leis, juntamente com o setor competente, que realize estudo visando \u00e0 concess\u00e3o de um complemento no Cart\u00e3o Alimenta\u00e7\u00e3o ao servidor p\u00fablico municipal, no m\u00eas de seu anivers\u00e1rio.\r\nA presente indica\u00e7\u00e3o tem como objetivo promover o reconhecimento e a valoriza\u00e7\u00e3o do servidor p\u00fablico municipal, que desempenha papel fundamental no funcionamento da Administra\u00e7\u00e3o P\u00fablica e na presta\u00e7\u00e3o de servi\u00e7os essenciais \u00e0 popula\u00e7\u00e3o, exercendo suas fun\u00e7\u00f5es com dedica\u00e7\u00e3o, responsabilidade e compromisso.\r\nA proposta de conceder um complemento no Cart\u00e3o Alimenta\u00e7\u00e3o no m\u00eas de anivers\u00e1rio do servidor configura-se como uma a\u00e7\u00e3o simb\u00f3lica, por\u00e9m relevante, de valoriza\u00e7\u00e3o funcional, contribuindo para a motiva\u00e7\u00e3o, o bem-estar e o fortalecimento do v\u00ednculo entre o servidor e a Administra\u00e7\u00e3o Municipal.","indexacao":"","observacao":"","resultado":"","texto_original":"http://sapl.dracena.sp.leg.br/media/sapl/public/materialegislativa/2026/25800/ind_008_26.pdf","data_ultima_atualizacao":"2026-02-26T08:32:51.291749-03:00","ip":"187.17.201.176","ultima_edicao":"2026-02-02T08:47:06.246679-03:00","tipo":18,"regime_tramitacao":5,"tipo_origem_externa":null,"local_origem_externa":null,"user":6,"anexadas":[],"autores":[218]}