{"id":25470,"__str__":"Indica\u00e7\u00e3o n\u00ba 771 de 2025","link_detail_backend":"/materia/25470","metadata":{},"numero":771,"ano":2025,"numero_protocolo":null,"data_apresentacao":"2025-11-03","tipo_apresentacao":"E","data_publicacao":null,"numero_origem_externa":"","ano_origem_externa":null,"data_origem_externa":null,"apelido":"","dias_prazo":null,"data_fim_prazo":null,"em_tramitacao":false,"polemica":false,"objeto":"","complementar":false,"ementa":"Indico a Sra. Prefeita, de acordo com o Regimento Interno desta egr\u00e9gia Casa de Leis, que seja estudada a viabilidade de instalar a sede da Defesa Civil Municipal no im\u00f3vel situado na Rua Martim Afonso, n\u00ba 1416, Bairro S\u00e3o Francisco, o qual foi recentemente doado ao Munic\u00edpio.\r\nO referido local apresenta excelente localiza\u00e7\u00e3o, amplo espa\u00e7o f\u00edsico e estrutura adequada para o estacionamento de viaturas, necessitando apenas de pintura e pequenas adequa\u00e7\u00f5es para o pleno funcionamento das atividades da Defesa Civil.","indexacao":"","observacao":"","resultado":"","texto_original":"http://sapl.dracena.sp.leg.br/media/sapl/public/materialegislativa/2025/25470/ind_771_25.pdf","data_ultima_atualizacao":"2026-02-26T08:33:32.757361-03:00","ip":"187.17.201.176","ultima_edicao":"2025-11-06T13:48:29.626763-03:00","tipo":18,"regime_tramitacao":5,"tipo_origem_externa":null,"local_origem_externa":null,"user":6,"anexadas":[],"autores":[208,430,212]}