{"id":25184,"__str__":"Requerimento n\u00ba 1191 de 2025","link_detail_backend":"/materia/25184","metadata":{},"numero":1191,"ano":2025,"numero_protocolo":null,"data_apresentacao":"2025-09-25","tipo_apresentacao":"E","data_publicacao":null,"numero_origem_externa":"","ano_origem_externa":null,"data_origem_externa":null,"apelido":"","dias_prazo":null,"data_fim_prazo":null,"em_tramitacao":false,"polemica":false,"objeto":"","complementar":false,"ementa":"Requeremos a Sra. Prefeita, de acordo com o Regimento Interno desta egr\u00e9gia Casa de Leis, ouvido o douto plen\u00e1rio, que nos informe:\r\n\u2022\tConsta no cronograma de servi\u00e7os da Administra\u00e7\u00e3o alguma provid\u00eancia em rela\u00e7\u00e3o \u00e0 substitui\u00e7\u00e3o das l\u00e2mpadas queimadas da ilumina\u00e7\u00e3o p\u00fablica em diversos pontos do Jardim Brasil\u00e2ndia e bairros adjacentes?\r\nJustifica-se o presente requerimento em raz\u00e3o das quedas de energia registradas no \u00faltimo final de semana, que resultaram na queima de diversas l\u00e2mpadas, deixando trechos consider\u00e1veis sem ilumina\u00e7\u00e3o p\u00fablica. A escurid\u00e3o tem gerado inseguran\u00e7a e apreens\u00e3o entre os moradores da regi\u00e3o, que clamam por uma solu\u00e7\u00e3o urgente para o problema.","indexacao":"","observacao":"","resultado":"","texto_original":"http://sapl.dracena.sp.leg.br/media/sapl/public/materialegislativa/2025/25184/r_1191_2025.pdf","data_ultima_atualizacao":"2026-02-26T08:27:02.550249-03:00","ip":"187.17.201.176","ultima_edicao":"2025-09-25T09:49:42.775403-03:00","tipo":19,"regime_tramitacao":5,"tipo_origem_externa":null,"local_origem_externa":null,"user":6,"anexadas":[],"autores":[430,212]}