{"id":25173,"__str__":"Requerimento n\u00ba 1184 de 2025","link_detail_backend":"/materia/25173","metadata":{},"numero":1184,"ano":2025,"numero_protocolo":null,"data_apresentacao":"2025-09-22","tipo_apresentacao":"E","data_publicacao":null,"numero_origem_externa":"","ano_origem_externa":null,"data_origem_externa":null,"apelido":"","dias_prazo":null,"data_fim_prazo":null,"em_tramitacao":false,"polemica":false,"objeto":"","complementar":false,"ementa":"Requeiro a Sra. Prefeita, de acordo com o Regimento Interno desta egr\u00e9gia Casa de Leis, ouvido o douto plen\u00e1rio, que nos informe:\r\n\u2022\tH\u00e1 previs\u00e3o para conclus\u00e3o da reforma do banheiro da EMEFI Jo\u00e3o Vendramini?\r\nJustifica-se o presente requerimento diante da import\u00e2ncia de assegurar condi\u00e7\u00f5es adequadas de higiene e infraestrutura aos alunos, professores e demais servidores da unidade escolar.","indexacao":"","observacao":"","resultado":"","texto_original":"http://sapl.dracena.sp.leg.br/media/sapl/public/materialegislativa/2025/25173/r_1184_2025.pdf","data_ultima_atualizacao":"2026-02-26T08:27:04.830149-03:00","ip":"187.17.201.176","ultima_edicao":"2025-09-24T11:36:38.573028-03:00","tipo":19,"regime_tramitacao":5,"tipo_origem_externa":null,"local_origem_externa":null,"user":6,"anexadas":[],"autores":[207]}