{"id":25138,"__str__":"Indica\u00e7\u00e3o n\u00ba 664 de 2025","link_detail_backend":"/materia/25138","metadata":{},"numero":664,"ano":2025,"numero_protocolo":null,"data_apresentacao":"2025-09-19","tipo_apresentacao":"E","data_publicacao":null,"numero_origem_externa":"","ano_origem_externa":null,"data_origem_externa":null,"apelido":"","dias_prazo":null,"data_fim_prazo":null,"em_tramitacao":false,"polemica":false,"objeto":"","complementar":false,"ementa":"Indico a Sra. Prefeita, de acordo com o Regimento Interno desta egr\u00e9gia Casa de Leis, juntamente com o setor competente, que providencie a aquisi\u00e7\u00e3o de novas cadeiras odontol\u00f3gicas para os consult\u00f3rios municipais, substituindo equipamentos antigos e desgastados.\r\nA moderniza\u00e7\u00e3o e substitui\u00e7\u00e3o das cadeiras odontol\u00f3gicas \u00e9 de extrema import\u00e2ncia para a qualidade do atendimento prestado \u00e0 popula\u00e7\u00e3o, garantindo maior conforto aos pacientes, ergonomia para os profissionais de odontologia e efici\u00eancia nos procedimentos. Equipamentos atualizados tamb\u00e9m contribuem para reduzir riscos de contamina\u00e7\u00e3o e melhorar a preven\u00e7\u00e3o de doen\u00e7as bucais, refletindo diretamente na sa\u00fade geral da popula\u00e7\u00e3o.\r\nDiante do exposto, solicito que o Executivo avalie a possibilidade de incluir a aquisi\u00e7\u00e3o das cadeiras odontol\u00f3gicas na programa\u00e7\u00e3o de compras, atendendo assim \u00e0s necessidades dos consult\u00f3rios e garantindo um servi\u00e7o de sa\u00fade mais seguro e eficiente para os cidad\u00e3os.","indexacao":"","observacao":"","resultado":"","texto_original":"http://sapl.dracena.sp.leg.br/media/sapl/public/materialegislativa/2025/25138/ind_664_25.pdf","data_ultima_atualizacao":"2026-02-26T08:34:08.394000-03:00","ip":"187.17.201.176","ultima_edicao":"2025-09-19T12:57:11.743281-03:00","tipo":18,"regime_tramitacao":5,"tipo_origem_externa":null,"local_origem_externa":null,"user":6,"anexadas":[],"autores":[218]}