{"id":25088,"__str__":"Indica\u00e7\u00e3o n\u00ba 630 de 2025","link_detail_backend":"/materia/25088","metadata":{},"numero":630,"ano":2025,"numero_protocolo":null,"data_apresentacao":"2025-09-12","tipo_apresentacao":"E","data_publicacao":null,"numero_origem_externa":"","ano_origem_externa":null,"data_origem_externa":null,"apelido":"","dias_prazo":null,"data_fim_prazo":null,"em_tramitacao":false,"polemica":false,"objeto":"","complementar":false,"ementa":"Indico a Sra. Prefeita, de acordo com o Regimento Interno desta egr\u00e9gia Casa de Leis, que seja analisada a possibilidade de aumentar o valor do repasse destinado \u00e0s entidades assistenciais do munic\u00edpio de Dracena, levando em considera\u00e7\u00e3o a relev\u00e2ncia social e comunit\u00e1ria dos servi\u00e7os prestados por essas institui\u00e7\u00f5es.","indexacao":"","observacao":"","resultado":"","texto_original":"http://sapl.dracena.sp.leg.br/media/sapl/public/materialegislativa/2025/25088/ind_630_25.pdf","data_ultima_atualizacao":"2026-02-26T08:34:19.205851-03:00","ip":"187.17.201.176","ultima_edicao":"2025-09-12T13:52:25.036073-03:00","tipo":18,"regime_tramitacao":5,"tipo_origem_externa":null,"local_origem_externa":null,"user":6,"anexadas":[],"autores":[218]}