{"id":25087,"__str__":"Indica\u00e7\u00e3o n\u00ba 629 de 2025","link_detail_backend":"/materia/25087","metadata":{},"numero":629,"ano":2025,"numero_protocolo":null,"data_apresentacao":"2025-09-12","tipo_apresentacao":"E","data_publicacao":null,"numero_origem_externa":"","ano_origem_externa":null,"data_origem_externa":null,"apelido":"","dias_prazo":null,"data_fim_prazo":null,"em_tramitacao":false,"polemica":false,"objeto":"","complementar":false,"ementa":"Indico a Sra. Prefeita, de acordo com o Regimento Interno desta egr\u00e9gia Casa de Leis, que determine a troca das l\u00e2mpadas atuais para l\u00e2mpadas de LED da Rua Leonor Gon\u00e7alves Pereira, no bairro Vit\u00f3ria Regia.\r\nA medida visa melhorar a qualidade da ilumina\u00e7\u00e3o p\u00fablica, proporcionando maior seguran\u00e7a aos moradores e contribuindo para a efici\u00eancia energ\u00e9tica no munic\u00edpio.","indexacao":"","observacao":"","resultado":"","texto_original":"http://sapl.dracena.sp.leg.br/media/sapl/public/materialegislativa/2025/25087/ind_629_25.pdf","data_ultima_atualizacao":"2026-02-26T08:34:19.672217-03:00","ip":"187.17.201.176","ultima_edicao":"2025-09-12T13:51:08.805327-03:00","tipo":18,"regime_tramitacao":5,"tipo_origem_externa":null,"local_origem_externa":null,"user":6,"anexadas":[],"autores":[209]}