{"id":25079,"__str__":"Requerimento n\u00ba 1137 de 2025","link_detail_backend":"/materia/25079","metadata":{},"numero":1137,"ano":2025,"numero_protocolo":null,"data_apresentacao":"2025-09-12","tipo_apresentacao":"E","data_publicacao":null,"numero_origem_externa":"","ano_origem_externa":null,"data_origem_externa":null,"apelido":"","dias_prazo":null,"data_fim_prazo":null,"em_tramitacao":false,"polemica":false,"objeto":"","complementar":false,"ementa":"Requeiro, de acordo com o Regimento Interno desta egr\u00e9gia Casa de Leis, ouvido o douto plen\u00e1rio, o registro em ata dos trabalhos desta Sess\u00e3o de VOTOS DE CONGRATULA\u00c7\u00d5ES \u00e0 Unifadra Dracena, pela realiza\u00e7\u00e3o da Semana da Psicologia, promovida entre os dias 26 de agosto e 1\u00ba de setembro de 2025. O evento reuniu acad\u00eamicos, profissionais e convidados em uma programa\u00e7\u00e3o diversificada, que contou com rodas de conversa, palestras, lan\u00e7amento de livro e importantes reflex\u00f5es sobre os diferentes campos de atua\u00e7\u00e3o do psic\u00f3logo.","indexacao":"","observacao":"","resultado":"","texto_original":"http://sapl.dracena.sp.leg.br/media/sapl/public/materialegislativa/2025/25079/r_1137_2025.pdf","data_ultima_atualizacao":"2026-02-26T08:27:20.301855-03:00","ip":"187.17.201.176","ultima_edicao":"2025-09-12T13:43:35.922993-03:00","tipo":19,"regime_tramitacao":5,"tipo_origem_externa":null,"local_origem_externa":null,"user":6,"anexadas":[],"autores":[218]}