{"id":25069,"__str__":"Requerimento n\u00ba 1130 de 2025","link_detail_backend":"/materia/25069","metadata":{},"numero":1130,"ano":2025,"numero_protocolo":null,"data_apresentacao":"2025-09-11","tipo_apresentacao":"E","data_publicacao":null,"numero_origem_externa":"","ano_origem_externa":null,"data_origem_externa":null,"apelido":"","dias_prazo":null,"data_fim_prazo":null,"em_tramitacao":false,"polemica":false,"objeto":"","complementar":false,"ementa":"Requeremos a Sra. Prefeita, de acordo com o Regimento Interno desta egr\u00e9gia Casa de Leis, ouvido o douto plen\u00e1rio, que nos informe se h\u00e1 previs\u00e3o para poda das \u00e1rvores no trecho da Rua Fagundes Varela, onde houve o retorno da realiza\u00e7\u00e3o da feira livre do Jardim Brasil\u00e2ndia.\r\nA poda das \u00e1rvores \u00e9 necess\u00e1ria para garantir melhor ilumina\u00e7\u00e3o da via, favorecer a realiza\u00e7\u00e3o da feira e proporcionar condi\u00e7\u00f5es adequadas de seguran\u00e7a p\u00fablica aos moradores e frequentadores do local.","indexacao":"","observacao":"","resultado":"","texto_original":"http://sapl.dracena.sp.leg.br/media/sapl/public/materialegislativa/2025/25069/r_1130_2025.pdf","data_ultima_atualizacao":"2026-02-26T08:27:22.549085-03:00","ip":"187.17.201.176","ultima_edicao":"2025-09-11T13:55:59.672517-03:00","tipo":19,"regime_tramitacao":5,"tipo_origem_externa":null,"local_origem_externa":null,"user":6,"anexadas":[],"autores":[430,212]}