{"id":24963,"__str__":"Requerimento n\u00ba 1065 de 2025","link_detail_backend":"/materia/24963","metadata":{},"numero":1065,"ano":2025,"numero_protocolo":null,"data_apresentacao":"2025-08-25","tipo_apresentacao":"E","data_publicacao":null,"numero_origem_externa":"","ano_origem_externa":null,"data_origem_externa":null,"apelido":"","dias_prazo":null,"data_fim_prazo":null,"em_tramitacao":false,"polemica":false,"objeto":"","complementar":false,"ementa":"Requeiro a Sra. Prefeita, de acordo com o Regimento Interno desta egr\u00e9gia Casa de Leis, ouvido o douto plen\u00e1rio, que nos informe:\r\n\u2022\tConsta no cronograma a instala\u00e7\u00e3o de sem\u00e1foros para pedestres em todos os sem\u00e1foros do munic\u00edpio que ainda n\u00e3o possuem esse equipamento?\r\nA instala\u00e7\u00e3o de sem\u00e1foros para pedestres \u00e9 uma medida essencial e de grande relev\u00e2ncia para a mobilidade urbana segura e inclusiva. Trata-se de um instrumento que contribui para a redu\u00e7\u00e3o de acidentes, promove o respeito \u00e0 sinaliza\u00e7\u00e3o e assegura melhores condi\u00e7\u00f5es de acessibilidade.","indexacao":"","observacao":"","resultado":"","texto_original":"http://sapl.dracena.sp.leg.br/media/sapl/public/materialegislativa/2025/24963/r_1065_2025.pdf","data_ultima_atualizacao":"2026-02-26T08:27:43.362324-03:00","ip":"187.17.201.176","ultima_edicao":"2025-08-29T09:29:03.850685-03:00","tipo":19,"regime_tramitacao":5,"tipo_origem_externa":null,"local_origem_externa":null,"user":6,"anexadas":[],"autores":[207]}