{"id":24864,"__str__":"Indica\u00e7\u00e3o n\u00ba 569 de 2025","link_detail_backend":"/materia/24864","metadata":{},"numero":569,"ano":2025,"numero_protocolo":null,"data_apresentacao":"2025-08-15","tipo_apresentacao":"E","data_publicacao":null,"numero_origem_externa":"","ano_origem_externa":null,"data_origem_externa":null,"apelido":"","dias_prazo":null,"data_fim_prazo":null,"em_tramitacao":false,"polemica":false,"objeto":"","complementar":false,"ementa":"Indico a Sra. Prefeita, de acordo com o Regimento Interno desta egr\u00e9gia Casa de Leis, que determine ao setor competente a instala\u00e7\u00e3o de placa informativa com a denomina\u00e7\u00e3o oficial do Parque do Bosque, localizado no Jardim Brasil\u00e2ndia, que leva o nome de Carlos Alves da Silva (Branco).\r\nAtualmente, n\u00e3o h\u00e1 qualquer placa que identifique o nome do espa\u00e7o, fato que dificulta a valoriza\u00e7\u00e3o da homenagem e o reconhecimento da popula\u00e7\u00e3o. Aproveito para solicitar, ainda, que sejam avaliadas e executadas melhorias no local, visando oferecer melhores condi\u00e7\u00f5es de uso e lazer \u00e0 comunidade.\r\nA instala\u00e7\u00e3o de placa com a denomina\u00e7\u00e3o oficial \u00e9 medida simples, de baixo custo e grande import\u00e2ncia para a preserva\u00e7\u00e3o da mem\u00f3ria e identidade cultural do munic\u00edpio, al\u00e9m de facilitar a localiza\u00e7\u00e3o e o reconhecimento do espa\u00e7o p\u00fablico.\r\nAs melhorias contribuir\u00e3o para tornar o parque mais atrativo, seguro e funcional para os moradores e visitantes.","indexacao":"","observacao":"","resultado":"","texto_original":"http://sapl.dracena.sp.leg.br/media/sapl/public/materialegislativa/2025/24864/ind_569_25.pdf","data_ultima_atualizacao":"2026-02-26T08:34:39.439595-03:00","ip":"187.17.201.176","ultima_edicao":"2025-08-15T13:42:26.897563-03:00","tipo":18,"regime_tramitacao":5,"tipo_origem_externa":null,"local_origem_externa":null,"user":6,"anexadas":[],"autores":[218]}