{"id":24849,"__str__":"Requerimento n\u00ba 996 de 2025","link_detail_backend":"/materia/24849","metadata":{},"numero":996,"ano":2025,"numero_protocolo":null,"data_apresentacao":"2025-08-14","tipo_apresentacao":"E","data_publicacao":null,"numero_origem_externa":"","ano_origem_externa":null,"data_origem_externa":null,"apelido":"","dias_prazo":null,"data_fim_prazo":null,"em_tramitacao":false,"polemica":false,"objeto":"","complementar":false,"ementa":"Requeiro a Sra. Prefeita, de acordo com o Regimento Interno desta egr\u00e9gia Casa de Leis, ouvido o douto plen\u00e1rio, que informe a este Vereador se h\u00e1 previs\u00e3o para a entrega dos m\u00f3veis destinados ao Centro Comunit\u00e1rio do Jardim Santa Clara, visando assegurar o adequado funcionamento do espa\u00e7o e a plena realiza\u00e7\u00e3o das atividades comunit\u00e1rias em benef\u00edcio da popula\u00e7\u00e3o local.","indexacao":"","observacao":"","resultado":"","texto_original":"http://sapl.dracena.sp.leg.br/media/sapl/public/materialegislativa/2025/24849/r_996_2025.pdf","data_ultima_atualizacao":"2026-02-26T08:28:06.007521-03:00","ip":"187.17.201.176","ultima_edicao":"2025-08-15T13:29:51.834061-03:00","tipo":19,"regime_tramitacao":5,"tipo_origem_externa":null,"local_origem_externa":null,"user":6,"anexadas":[],"autores":[215]}