{"id":24835,"__str__":"Requerimento n\u00ba 982 de 2025","link_detail_backend":"/materia/24835","metadata":{},"numero":982,"ano":2025,"numero_protocolo":null,"data_apresentacao":"2025-08-13","tipo_apresentacao":"E","data_publicacao":null,"numero_origem_externa":"","ano_origem_externa":null,"data_origem_externa":null,"apelido":"","dias_prazo":null,"data_fim_prazo":null,"em_tramitacao":false,"polemica":false,"objeto":"","complementar":false,"ementa":"Requeremos a Sra. Prefeita, de acordo com o Regimento Interno desta egr\u00e9gia Casa de Leis, ouvido o douto plen\u00e1rio, que nos informe acerca da atual situa\u00e7\u00e3o e das medidas que v\u00eam sendo adotadas para viabilizar o retorno da tradicional feira-livre que, por longo per\u00edodo, foi realizada no Jardim Brasil\u00e2ndia, constituindo-se em importante espa\u00e7o de conviv\u00eancia comunit\u00e1ria, incentivo ao com\u00e9rcio local e valoriza\u00e7\u00e3o dos produtores da nossa cidade.","indexacao":"","observacao":"","resultado":"","texto_original":"http://sapl.dracena.sp.leg.br/media/sapl/public/materialegislativa/2025/24835/r_982_2025.pdf","data_ultima_atualizacao":"2026-02-26T08:28:10.619914-03:00","ip":"187.17.201.176","ultima_edicao":"2025-08-15T13:21:09.205026-03:00","tipo":19,"regime_tramitacao":5,"tipo_origem_externa":null,"local_origem_externa":null,"user":6,"anexadas":[],"autores":[430,212]}