{"id":24834,"__str__":"Requerimento n\u00ba 981 de 2025","link_detail_backend":"/materia/24834","metadata":{},"numero":981,"ano":2025,"numero_protocolo":null,"data_apresentacao":"2025-08-13","tipo_apresentacao":"E","data_publicacao":null,"numero_origem_externa":"","ano_origem_externa":null,"data_origem_externa":null,"apelido":"","dias_prazo":null,"data_fim_prazo":null,"em_tramitacao":false,"polemica":false,"objeto":"","complementar":false,"ementa":"Requeremos a Sra. Prefeita, de acordo com o Regimento Interno desta egr\u00e9gia Casa de Leis, ouvido o douto plen\u00e1rio, que nos informe se consta no cronograma a troca das l\u00e2mpadas a vapor por l\u00e2mpadas de LED em toda extens\u00e3o da Rua Fagundes Varela, no Jardim Brasil\u00e2ndia.","indexacao":"","observacao":"","resultado":"","texto_original":"http://sapl.dracena.sp.leg.br/media/sapl/public/materialegislativa/2025/24834/r_981_2025.pdf","data_ultima_atualizacao":"2026-02-26T08:28:10.953339-03:00","ip":"187.17.201.176","ultima_edicao":"2025-08-15T13:19:41.954848-03:00","tipo":19,"regime_tramitacao":5,"tipo_origem_externa":null,"local_origem_externa":null,"user":6,"anexadas":[],"autores":[430,212]}