{"id":24829,"__str__":"Requerimento n\u00ba 976 de 2025","link_detail_backend":"/materia/24829","metadata":{},"numero":976,"ano":2025,"numero_protocolo":null,"data_apresentacao":"2025-08-13","tipo_apresentacao":"E","data_publicacao":null,"numero_origem_externa":"","ano_origem_externa":null,"data_origem_externa":null,"apelido":"","dias_prazo":null,"data_fim_prazo":null,"em_tramitacao":false,"polemica":false,"objeto":"","complementar":false,"ementa":"Requeiro a Sra. Prefeita, de acordo com o Regimento Interno desta egr\u00e9gia Casa de Leis, ouvido o douto plen\u00e1rio, que nos informe se consta no cronograma de obras a pavimenta\u00e7\u00e3o asf\u00e1ltica da Viela Uni\u00e3o, no Bairro Em\u00edlio Zanatta.\r\nAquela via \u00e9 uma das poucas ainda n\u00e3o pavimentadas do munic\u00edpio, sendo a referida obra de grande import\u00e2ncia para a qualidade de vida dos moradores.","indexacao":"","observacao":"","resultado":"","texto_original":"http://sapl.dracena.sp.leg.br/media/sapl/public/materialegislativa/2025/24829/r_976_2025.pdf","data_ultima_atualizacao":"2026-02-26T08:28:12.491422-03:00","ip":"187.17.201.176","ultima_edicao":"2025-08-14T13:57:40.001487-03:00","tipo":19,"regime_tramitacao":5,"tipo_origem_externa":null,"local_origem_externa":null,"user":6,"anexadas":[],"autores":[207]}