{"id":24533,"__str__":"Indica\u00e7\u00e3o n\u00ba 498 de 2025","link_detail_backend":"/materia/24533","metadata":{},"numero":498,"ano":2025,"numero_protocolo":null,"data_apresentacao":"2025-06-30","tipo_apresentacao":"","data_publicacao":null,"numero_origem_externa":"","ano_origem_externa":null,"data_origem_externa":null,"apelido":"","dias_prazo":null,"data_fim_prazo":null,"em_tramitacao":false,"polemica":false,"objeto":"","complementar":false,"ementa":"Indico a Sra. Prefeita, de acordo com o Regimento Interno desta egr\u00e9gia Casa de Leis, que determine a instala\u00e7\u00e3o de l\u00e2mpadas de LED na pra\u00e7a localizada entre a Alameda B\u00e9lgica, Alameda Alemanha e Rua Venezuela.A medida \u00e9 fundamental para proporcionar maior seguran\u00e7a aos frequentadores, coibir a\u00e7\u00f5es de vandalismo e aumentar a sensa\u00e7\u00e3o de tranquilidade da comunidade, especialmente no per\u00edodo noturno. Al\u00e9m disso, a ilumina\u00e7\u00e3o adequada incentivar\u00e1 o uso da pra\u00e7a pela popula\u00e7\u00e3o durante a noite, promovendo o lazer, a conviv\u00eancia social e a valoriza\u00e7\u00e3o do espa\u00e7o p\u00fablico.","indexacao":"","observacao":"","resultado":"","texto_original":"http://sapl.dracena.sp.leg.br/media/sapl/public/materialegislativa/2025/24533/i498_25.pdf","data_ultima_atualizacao":"2026-02-26T08:35:02.594523-03:00","ip":"187.17.201.176","ultima_edicao":"2025-07-16T14:05:41.910112-03:00","tipo":18,"regime_tramitacao":5,"tipo_origem_externa":null,"local_origem_externa":null,"user":2,"anexadas":[],"autores":[210]}