{"id":24450,"__str__":"Requerimento n\u00ba 730 de 2025","link_detail_backend":"/materia/24450","metadata":{},"numero":730,"ano":2025,"numero_protocolo":null,"data_apresentacao":"2025-06-16","tipo_apresentacao":"","data_publicacao":null,"numero_origem_externa":"","ano_origem_externa":null,"data_origem_externa":null,"apelido":"","dias_prazo":null,"data_fim_prazo":null,"em_tramitacao":false,"polemica":false,"objeto":"","complementar":false,"ementa":"Requeremos a Sra. Prefeita, de acordo com o Regimento Interno desta egr\u00e9gia Casa de Leis, ouvido o douto plen\u00e1rio, juntamente com a Secretaria de Educa\u00e7\u00e3o, que nos informe:1.H\u00e1 contrato de aluguel para o pr\u00e9dio onde est\u00e1 sediada a EMEI Nadir Mella de Almeida \u201cTia Nadir\u201d?2.Em caso positivo, que nos envie c\u00f3pia do contrato.3.H\u00e1 previs\u00e3o de quando ser\u00e1 realizada a implanta\u00e7\u00e3o da fachada da creche?","indexacao":"","observacao":"","resultado":"","texto_original":"http://sapl.dracena.sp.leg.br/media/sapl/public/materialegislativa/2025/24450/r730_25.pdf","data_ultima_atualizacao":"2026-02-26T08:29:36.531004-03:00","ip":"187.17.201.176","ultima_edicao":"2025-07-16T14:01:21.876662-03:00","tipo":19,"regime_tramitacao":5,"tipo_origem_externa":null,"local_origem_externa":null,"user":2,"anexadas":[],"autores":[208,430,212]}