{"id":24420,"__str__":"Indica\u00e7\u00e3o n\u00ba 464 de 2025","link_detail_backend":"/materia/24420","metadata":{},"numero":464,"ano":2025,"numero_protocolo":null,"data_apresentacao":"2025-06-16","tipo_apresentacao":"","data_publicacao":null,"numero_origem_externa":"","ano_origem_externa":null,"data_origem_externa":null,"apelido":"","dias_prazo":null,"data_fim_prazo":null,"em_tramitacao":false,"polemica":false,"objeto":"","complementar":false,"ementa":"Indico a Sra. Prefeita, de acordo com o Regimento Interno desta egr\u00e9gia Casa de Leis, juntamente com o setor competente, que determine \u00e0 Secretaria Municipal de Educa\u00e7\u00e3o, bem como \u00e0s demais secretarias respons\u00e1veis, a coloca\u00e7\u00e3o das bandeiras do Brasil, do Estado de S\u00e3o Paulo e do Munic\u00edpio de Dracena em todas as escolas, creches e projetos sociais mantidos pela Prefeitura, em local vis\u00edvel e de destaque.A presen\u00e7a dos s\u00edmbolos oficiais em locais de educa\u00e7\u00e3o e acolhimento social contribui significativamente para a forma\u00e7\u00e3o cidad\u00e3, o fortalecimento da identidade nacional, estadual e municipal, al\u00e9m de estimular o respeito \u00e0s institui\u00e7\u00f5es p\u00fablicas. A visibilidade das bandeiras em escolas, creches e projetos sociais refor\u00e7a valores de patriotismo, pertencimento e valoriza\u00e7\u00e3o da nossa hist\u00f3ria.Al\u00e9m de sua import\u00e2ncia simb\u00f3lica e educacional, essa medida tamb\u00e9m representa uma forma de promover o civismo entre as crian\u00e7as, adolescentes e fam\u00edlias atendidas, despertando a consci\u00eancia sobre o papel de cada cidad\u00e3o na constru\u00e7\u00e3o de uma sociedade mais justa e participativa.Sugere-se ainda que essa a\u00e7\u00e3o seja acompanhada de atividades pedag\u00f3gicas voltadas \u00e0 educa\u00e7\u00e3o c\u00edvica, como o ensino sobre os s\u00edmbolos, suas hist\u00f3rias e significados.","indexacao":"","observacao":"","resultado":"","texto_original":"http://sapl.dracena.sp.leg.br/media/sapl/public/materialegislativa/2025/24420/i464_25.pdf","data_ultima_atualizacao":"2026-02-26T08:35:14.052058-03:00","ip":"187.17.201.176","ultima_edicao":"2025-07-16T14:00:14.616076-03:00","tipo":18,"regime_tramitacao":5,"tipo_origem_externa":null,"local_origem_externa":null,"user":2,"anexadas":[],"autores":[218]}