{"id":24403,"__str__":"Requerimento n\u00ba 711 de 2025","link_detail_backend":"/materia/24403","metadata":{},"numero":711,"ano":2025,"numero_protocolo":null,"data_apresentacao":"2025-06-09","tipo_apresentacao":"","data_publicacao":null,"numero_origem_externa":"","ano_origem_externa":null,"data_origem_externa":null,"apelido":"","dias_prazo":null,"data_fim_prazo":null,"em_tramitacao":false,"polemica":false,"objeto":"","complementar":false,"ementa":"Considerando que estamos vivenciando neste ano os 80 anos do munic\u00edpio de Dracena;Considerando que estamos comemorando os 117 anos da Imigra\u00e7\u00e3o Japonesa ao Brasil neste ano;Considerando que estamos celebrando os 130 anos do Tratado de Amizade entre Brasil e Jap\u00e3o neste ano;Requeiro a Sra. Prefeita, de acordo com o Regimento Interno desta egr\u00e9gia Casa de Leis, ouvido o douto plen\u00e1rio, que nos informe se existe a possibilidade de estudos financeiros para a execu\u00e7\u00e3o da recupera\u00e7\u00e3o/resgate/reconstru\u00e7\u00e3o das placas met\u00e1licas que estiveram afixadas no entorno do T\u00f3tem Japon\u00eas na Pra\u00e7a Arthur Pagnozzi, por conta das comemora\u00e7\u00f5es dos 100 anos da Imigra\u00e7\u00e3o Japonesa no Brasil, e que contam a hist\u00f3ria dos japoneses no Brasil e na cidade de Dracena.","indexacao":"","observacao":"","resultado":"","texto_original":"http://sapl.dracena.sp.leg.br/media/sapl/public/materialegislativa/2025/24403/r711_25.pdf","data_ultima_atualizacao":"2026-02-26T08:29:42.842152-03:00","ip":"187.17.201.176","ultima_edicao":"2025-07-16T13:59:20.011174-03:00","tipo":19,"regime_tramitacao":5,"tipo_origem_externa":null,"local_origem_externa":null,"user":2,"anexadas":[],"autores":[209]}