{"id":24271,"__str__":"Requerimento n\u00ba 615 de 2025","link_detail_backend":"/materia/24271","metadata":{},"numero":615,"ano":2025,"numero_protocolo":null,"data_apresentacao":"2025-05-26","tipo_apresentacao":"","data_publicacao":null,"numero_origem_externa":"","ano_origem_externa":null,"data_origem_externa":null,"apelido":"","dias_prazo":null,"data_fim_prazo":null,"em_tramitacao":false,"polemica":false,"objeto":"","complementar":false,"ementa":"Requeremos a Sra. Prefeita, de acordo com o Regimento Interno desta egr\u00e9gia Casa de Leis, ouvido o douto plen\u00e1rio, informa\u00e7\u00f5es com rela\u00e7\u00e3o \u00e0 EMEFI Prof.\u00aa Luiza Rossa Ribeiro, a saber:1.Qual o prazo para retorno ao funcionamento das duas salas de aula do pr\u00e9-escolar que est\u00e3o desativadas?2.H\u00e1 alguma provid\u00eancia planejada para tornar o palco da escola utiliz\u00e1vel? J\u00e1 que n\u00e3o h\u00e1 acessibilidade adequada.3.H\u00e1 previs\u00e3o para conserto da janela que foi atingida pela queda de uma \u00e1rvore?4.H\u00e1 previs\u00e3o para realizar o desentupimento dos sanit\u00e1rios de duas cabines do banheiro feminino?5.H\u00e1 previs\u00e3o para reinstala\u00e7\u00e3o das grades ou para constru\u00e7\u00e3o de um muro na entrada da escola?6.H\u00e1 previs\u00e3o para manuten\u00e7\u00e3o dos aparelhos de ar-condicionado? Esta medida \u00e9 urgente devido ao clima quente de nosso munic\u00edpio.Este requerimento tem como objetivo obter informa\u00e7\u00f5es essenciais para garantir condi\u00e7\u00f5es adequadas na EMEFI Prof.\u00aa Luiza Rossa Ribeiro, promovendo um ambiente seguro e funcional para alunos, professores e funcion\u00e1rios.","indexacao":"","observacao":"","resultado":"","texto_original":"http://sapl.dracena.sp.leg.br/media/sapl/public/materialegislativa/2025/24271/r_615_2025.pdf","data_ultima_atualizacao":"2026-02-26T08:30:15.171642-03:00","ip":"187.17.201.176","ultima_edicao":"2025-07-16T13:53:25.292335-03:00","tipo":19,"regime_tramitacao":5,"tipo_origem_externa":null,"local_origem_externa":null,"user":2,"anexadas":[],"autores":[208,430,212]}