{"id":24241,"__str__":"Requerimento n\u00ba 609 de 2025","link_detail_backend":"/materia/24241","metadata":{},"numero":609,"ano":2025,"numero_protocolo":null,"data_apresentacao":"2025-05-19","tipo_apresentacao":"","data_publicacao":null,"numero_origem_externa":"","ano_origem_externa":null,"data_origem_externa":null,"apelido":"","dias_prazo":null,"data_fim_prazo":null,"em_tramitacao":false,"polemica":false,"objeto":"","complementar":false,"ementa":"Requeiro a Sra. Prefeita, de acordo com o Regimento Interno desta egr\u00e9gia Casa de Leis, ouvido o douto plen\u00e1rio, juntamente com a Secretaria de Sa\u00fade e Higiene P\u00fablica, informa\u00e7\u00f5es sobre a quantidade total de casos de dengue registrados na cidade nos anos de 2023 e 2024, e no ano de 2025 at\u00e9 a presente data, quantos casos j\u00e1 foram registrados e atendidos.","indexacao":"","observacao":"","resultado":"","texto_original":"http://sapl.dracena.sp.leg.br/media/sapl/public/materialegislativa/2025/24241/r_609_2025.pdf","data_ultima_atualizacao":"2026-02-26T08:30:17.135609-03:00","ip":"187.17.201.176","ultima_edicao":"2025-07-16T13:43:43.728295-03:00","tipo":19,"regime_tramitacao":5,"tipo_origem_externa":null,"local_origem_externa":null,"user":2,"anexadas":[],"autores":[216]}