{"id":24094,"__str__":"Requerimento n\u00ba 513 de 2025","link_detail_backend":"/materia/24094","metadata":{},"numero":513,"ano":2025,"numero_protocolo":null,"data_apresentacao":"2025-05-05","tipo_apresentacao":"","data_publicacao":null,"numero_origem_externa":"","ano_origem_externa":null,"data_origem_externa":null,"apelido":"","dias_prazo":null,"data_fim_prazo":null,"em_tramitacao":false,"polemica":false,"objeto":"","complementar":false,"ementa":"Requeiro a Sra. Prefeita, de acordo com o Regimento Interno desta egr\u00e9gia Casa de Leis, ouvido o douto plen\u00e1rio, o que segue:1.Informa\u00e7\u00f5es precisas sobre a ades\u00e3o do Munic\u00edpio de Dracena/SP ao Programa Sa\u00fade na Escola (PSE), institu\u00eddo pela Portaria Interministerial n\u00ba 1.055, de 25 de abril de 2017, e regulamentado pelo Minist\u00e9rio da Sa\u00fade e Minist\u00e9rio da Educa\u00e7\u00e3o.2.Em caso afirmativo, requer:2.1.C\u00f3pia dos termos de ades\u00e3o firmados entre o Munic\u00edpio de Dracena e os Minist\u00e9rios da Sa\u00fade e da Educa\u00e7\u00e3o nos \u00faltimos 4 (quatro) anos;2.2.Relat\u00f3rios de execu\u00e7\u00e3o do Programa Sa\u00fade na Escola no Munic\u00edpio, abrangendo o per\u00edodo de 2021 a 2024, contendo:2.2.1.Unidades escolares atendidas;2.2.2.Atividades realizadas;2.2.3.Quantitativo de alunos beneficiados;2.2.4.Resultados obtidos conforme os eixos de avalia\u00e7\u00e3o do PSE.3.Caso n\u00e3o tenha ocorrido ades\u00e3o ao Programa no per\u00edodo mencionado, requer informa\u00e7\u00f5es sobre a exist\u00eancia de programa semelhante em andamento no Munic\u00edpio e ainda se h\u00e1 a possibilidade de ades\u00e3o do Munic\u00edpio ao PSE.","indexacao":"","observacao":"","resultado":"","texto_original":"http://sapl.dracena.sp.leg.br/media/sapl/public/materialegislativa/2025/24094/r_513_2025.pdf","data_ultima_atualizacao":"2026-02-26T08:30:49.479769-03:00","ip":"187.17.201.176","ultima_edicao":"2025-07-16T13:37:32.440844-03:00","tipo":19,"regime_tramitacao":5,"tipo_origem_externa":null,"local_origem_externa":null,"user":2,"anexadas":[],"autores":[208,430,212]}