{"id":23956,"__str__":"Requerimento n\u00ba 431 de 2025","link_detail_backend":"/materia/23956","metadata":{},"numero":431,"ano":2025,"numero_protocolo":null,"data_apresentacao":"2025-04-14","tipo_apresentacao":"","data_publicacao":null,"numero_origem_externa":"","ano_origem_externa":null,"data_origem_externa":null,"apelido":"","dias_prazo":null,"data_fim_prazo":null,"em_tramitacao":false,"polemica":false,"objeto":"","complementar":false,"ementa":"Requeremos a Sra. Prefeita, de acordo com o Regimento Interno desta egr\u00e9gia Casa de Leis, ouvido o douto plen\u00e1rio, que nos informe com rela\u00e7\u00e3o \u00e0 unidade de sa\u00fade do Distrito de Jacipor\u00e3:1.Existe estudo objetivando designar uma sala para realiza\u00e7\u00e3o da triagem de pacientes? Uma vez que atualmente a triagem \u00e9 realizada na recep\u00e7\u00e3o, na presen\u00e7a dos demais pacientes, fazendo com que fiquem inibidos quanto \u00e0s suas queixas de sa\u00fade.2.H\u00e1 possibilidade de designar uma sala maior para a coleta de sangue? Pois atualmente a coleta \u00e9 feita em uma sala demasiadamente pequena, que impossibilita o acesso de pacientes cadeirantes.3.H\u00e1 estudo ou previs\u00e3o de instala\u00e7\u00e3o de aparelho de ar-condicionado na sala de atendimento do dentista? A instala\u00e7\u00e3o \u00e9 necess\u00e1ria por quest\u00f5es de seguran\u00e7a, conforto e sa\u00fade, tanto do profissional, quanto dos pacientes.","indexacao":"","observacao":"","resultado":"","texto_original":"http://sapl.dracena.sp.leg.br/media/sapl/public/materialegislativa/2025/23956/r_431_2025.pdf","data_ultima_atualizacao":"2026-02-26T08:31:17.268450-03:00","ip":"187.17.201.176","ultima_edicao":"2025-07-16T13:31:46.893773-03:00","tipo":19,"regime_tramitacao":5,"tipo_origem_externa":null,"local_origem_externa":null,"user":2,"anexadas":[],"autores":[208,430,212]}