{"id":23901,"__str__":"Indica\u00e7\u00e3o n\u00ba 261 de 2025","link_detail_backend":"/materia/23901","metadata":{},"numero":261,"ano":2025,"numero_protocolo":null,"data_apresentacao":"2025-04-07","tipo_apresentacao":"","data_publicacao":null,"numero_origem_externa":"","ano_origem_externa":null,"data_origem_externa":null,"apelido":"","dias_prazo":null,"data_fim_prazo":null,"em_tramitacao":false,"polemica":false,"objeto":"","complementar":false,"ementa":"Indico a Sra. Prefeita, de acordo com o Regimento Interno desta egr\u00e9gia Casa de Leis, juntamente com o setor competente, que providencie a necessidade de implantar sistemas de gera\u00e7\u00e3o de energia solar em pr\u00e9dios p\u00fablicos do munic\u00edpio, bem como estudar a viabilidade da cria\u00e7\u00e3o de um parque solar para abastecimento das reparti\u00e7\u00f5es p\u00fablicas. A energia solar \u00e9 uma alternativa sustent\u00e1vel e econ\u00f4mica, trazendo in\u00fameros benef\u00edcios para a administra\u00e7\u00e3o p\u00fablica e para a popula\u00e7\u00e3o. A instala\u00e7\u00e3o de placas solares nos pr\u00e9dios municipais contribuir\u00e1 para a redu\u00e7\u00e3o dos custos com energia el\u00e9trica, permitindo a realoca\u00e7\u00e3o desses recursos para outras \u00e1reas essenciais, como sa\u00fade, educa\u00e7\u00e3o e infraestrutura. Al\u00e9m disso, a utiliza\u00e7\u00e3o de fontes renov\u00e1veis refor\u00e7a o compromisso do munic\u00edpio com a sustentabilidade e com a redu\u00e7\u00e3o do impacto ambiental. A cria\u00e7\u00e3o de um parque solar municipal poderia ampliar ainda mais essas vantagens, tornando poss\u00edvel a gera\u00e7\u00e3o de energia para diversos equipamentos p\u00fablicos, como escolas, unidades de sa\u00fade, reparti\u00e7\u00f5es administrativas e ilumina\u00e7\u00e3o p\u00fablica, garantindo maior autonomia energ\u00e9tica e economia a longo prazo. Diante da import\u00e2ncia desse projeto para o desenvolvimento sustent\u00e1vel do munic\u00edpio, solicito que sejam realizados estudos t\u00e9cnicos para viabilizar essa iniciativa, trazendo modernidade, economia e responsabilidade ambiental para Dracena.","indexacao":"","observacao":"","resultado":"","texto_original":"http://sapl.dracena.sp.leg.br/media/sapl/public/materialegislativa/2025/23901/ind_261_25.pdf","data_ultima_atualizacao":"2026-02-26T08:36:22.554354-03:00","ip":"187.17.201.176","ultima_edicao":"2025-07-16T13:29:29.121200-03:00","tipo":18,"regime_tramitacao":5,"tipo_origem_externa":null,"local_origem_externa":null,"user":2,"anexadas":[],"autores":[218]}