{"id":23823,"__str__":"Requerimento n\u00ba 361 de 2025","link_detail_backend":"/materia/23823","metadata":{},"numero":361,"ano":2025,"numero_protocolo":null,"data_apresentacao":"2025-03-24","tipo_apresentacao":"","data_publicacao":null,"numero_origem_externa":"","ano_origem_externa":null,"data_origem_externa":null,"apelido":"","dias_prazo":null,"data_fim_prazo":null,"em_tramitacao":false,"polemica":false,"objeto":"","complementar":false,"ementa":"Requeiro a Sra. Prefeita, de acordo com o Regimento Interno dessa egr\u00e9gia Casa de Leis, ouvido o douto plen\u00e1rio, juntamente com a Secretaria de Sa\u00fade, que nos informe:1.Est\u00e1 no cronograma o fornecimento de refei\u00e7\u00e3o completa para os pacientes do Caps 2? 2.Informe sobre a possibilidade de a alimenta\u00e7\u00e3o inclusive ser preparada no local sem a compra de marmitas, como hoje \u00e9 oferecido para os usu\u00e1rios apenas no hor\u00e1rio do almo\u00e7o.Uma vez que desde a gest\u00e3o passada foi solicitada essa aten\u00e7\u00e3o aos pacientes e ainda n\u00e3o foi atendido.","indexacao":"","observacao":"","resultado":"","texto_original":"http://sapl.dracena.sp.leg.br/media/sapl/public/materialegislativa/2025/23823/r_361_2025.pdf","data_ultima_atualizacao":"2026-02-26T08:31:41.002528-03:00","ip":"187.17.201.176","ultima_edicao":"2025-07-16T13:25:56.286784-03:00","tipo":19,"regime_tramitacao":5,"tipo_origem_externa":null,"local_origem_externa":null,"user":2,"anexadas":[],"autores":[216]}