{"id":23749,"__str__":"Requerimento n\u00ba 310 de 2025","link_detail_backend":"/materia/23749","metadata":{},"numero":310,"ano":2025,"numero_protocolo":null,"data_apresentacao":"2025-03-17","tipo_apresentacao":"","data_publicacao":null,"numero_origem_externa":"","ano_origem_externa":null,"data_origem_externa":null,"apelido":"","dias_prazo":null,"data_fim_prazo":null,"em_tramitacao":false,"polemica":false,"objeto":"","complementar":false,"ementa":"Requeiro a Sra. Prefeita, de acordo com o Regimento Interno dessa egr\u00e9gia Casa de Leis, ouvido o douto plen\u00e1rio, que nos informe se consta no cronograma a limpeza do parque infantil da EMEFI Jo\u00e3o Vendramini e se h\u00e1 previs\u00e3o para troca do parque atual por um novo.Ocorre que os brinquedos est\u00e3o velhos e desgastados, necessitando a sua troca para que as crian\u00e7as possam brincar e ter momentos de lazer em aparelhos mais modernos e seguros.","indexacao":"","observacao":"","resultado":"","texto_original":"http://sapl.dracena.sp.leg.br/media/sapl/public/materialegislativa/2025/23749/r_310_2025.pdf","data_ultima_atualizacao":"2026-02-26T08:31:57.794891-03:00","ip":"187.17.201.176","ultima_edicao":"2025-07-16T13:04:55.870985-03:00","tipo":19,"regime_tramitacao":5,"tipo_origem_externa":null,"local_origem_externa":null,"user":2,"anexadas":[],"autores":[207]}